{"id":6699,"date":"2024-05-28T17:12:54","date_gmt":"2024-05-28T15:12:54","guid":{"rendered":"https:\/\/www.andrelurton.com\/?p=6699"},"modified":"2024-06-12T11:14:55","modified_gmt":"2024-06-12T09:14:55","slug":"estivales-pessac-leognan","status":"publish","type":"post","link":"https:\/\/www.andrelurton.com\/en\/estivales-pessac-leognan\/","title":{"rendered":"Estivales Pessac-L\u00e9ognan"},"content":{"rendered":"<h1>Les Estivales de Pessac-L\u00e9ognan at Ch\u00e2teau La Louvi\u00e8re: An unforgettable weekend! \ud83c\udf1e<\/h1>\n<p>Ch\u00e2teau La Louvi\u00e8re opens its doors to you for the Estivales de Pessac-L\u00e9ognan: an unmissable event for lovers of wine, gastronomy and discovery.<\/p>\n<p>Join us on Saturday June 15 and Sunday June 16, from 10am to 7pm, for a unique experience in the heart of the <a href=\"https:\/\/www.andrelurton.com\/appellation-pessac-leognan\/\">Pessac-L\u00e9ognan vineyards<\/a>. \ud83c\udf47<\/p>\n<h2 style=\"padding-top: 40px;\">A rich and varied program<\/h2>\n<h3 style=\"padding-top: 15px;\">\ud83c\udff0 Free tastings and tours<\/h3>\n<p>Come and explore the secrets of Ch\u00e2teau La Louvi\u00e8re with free guided tours of the estate and winery. Enjoy tastings of our finest vintages, the ideal opportunity to discover or rediscover the latest vintages of our exceptional wines.<\/p>\n<h3 style=\"padding-top: 15px;\">\ud83c\udf77 On-site wine sales<\/h3>\n<p>To prolong the pleasure, you can buy our wines directly on site. Take your favorites home with you and share them with friends and family.<\/p>\n<h3 style=\"padding-top: 15px;\">\ud83c\udf3f D\u00e9jeuner Champ\u00eatre<\/h3>\n<p>Share the convivial atmosphere of a country-style lunch at the estate.<br \/>\nSingle price of \u20ac45\/person (places limited) &#8211; Lunch at 12:30.<\/p>\n<p>More information and reservations on the <a href=\"https:\/\/www.pessac-leognan.com\/les-estivales-de-pessac-leognan-2024\/\" target=\"_blank\" rel=\"noopener\">Syndicat Viticole de Pessac-L\u00e9ognan website<\/a><\/p>\n<h3 style=\"padding-top: 15px;\">\ud83c\udf68 Gourmet entertainment<\/h3>\n<p>We&#8217;ve got a whole host of gourmet entertainment to liven up your day:<\/p>\n<ul>\n<li><strong>Foodtruck La Grappe Toqu\u00e9e<\/strong> : Discover an assortment of salads, quiches, poke bowls, wraps, hot dogs, cr\u00eapes and cookies. More info at <a href=\"http:\/\/www.la-grappe-toquee.com\/\" target=\"_blank\" rel=\"noopener noreferrer\">www.la-grappe-toquee.com<\/a>.<\/li>\n<li><strong>Foodtruck Mada Rolls<\/strong> : Refresh yourself with Mada Rolls&#8217; artisanal ice creams. Follow them on <a href=\"https:\/\/www.facebook.com\/MadaRollsglaces\/\" target=\"_blank\" rel=\"noopener noreferrer\">Facebook<\/a>.<\/li>\n<li><strong>Maison Gizolme<\/strong> : Enjoy artisanal charcuterie and aperitif platters to take away. Discover their creations on <a href=\"https:\/\/www.instagram.com\/maison_gizolme\/\" target=\"_blank\" rel=\"noopener noreferrer\">Instagram<\/a>.*<\/li>\n<li><strong>D\u00e9gustation L&#8217;Escapade<\/strong> : Enjoy superb oyster platters from our partner oyster farmer in Andernos-les-Bains. Dive into his world on <a href=\"https:\/\/www.instagram.com\/degustation_lescapade\/\" target=\"_blank\" rel=\"noopener\">Instagram<\/a>.<\/li>\n<\/ul>\n<h3 style=\"padding-top: 15px;\">\ud83d\udef4 Soft Mobility Activities<\/h3>\n<p>In partnership with Emmanuel Lavisse from Mobilboard, we&#8217;re offering demonstrations of Segway gyropods and electric scooters. An original and ecological way to discover the estate. More details on <a href=\"https:\/\/www.mobilboard.com\/fr\/pessac-leognan\/trottinette-electrique\/au-coeur-du-chateau-de-la-louviere\" target=\"_blank\" rel=\"noopener noreferrer\">Mobilboard<\/a>.<\/p>\n<h2 style=\"padding-top: 40px;\">Practical information<\/h2>\n<ul>\n<li><strong>Dates<\/strong> : Saturday June 15 and Sunday June 16, 2024<\/li>\n<li><strong>Opening hours<\/strong> : 10am &#8211; 7pm<\/li>\n<li><strong>Lieu<\/strong> : <a href=\"https:\/\/www.andrelurton.com\/chateau\/chateau-la-louviere\/\">Ch\u00e2teau La Louvi\u00e8re<\/a>, Pessac-L\u00e9ognan<\/li>\n<\/ul>\n<h3 style=\"padding-top: 25px;\">Don&#8217;t miss this exceptional event!<\/h3>\n<p>Les Estivales de Pessac-L\u00e9ognan at Ch\u00e2teau La Louvi\u00e8re promises a memorable weekend of discoveries and tastings. Whether you&#8217;re a wine lover, a food enthusiast or simply looking for a convivial outing with family or friends, this is the event for you. We look forward to seeing you there to celebrate the art of living and the flavours of our magnificent region.<\/p>\n<p><strong>See you on the weekend of June 15 &amp; 16 at Ch\u00e2teau La Louvi\u00e8re!<\/strong><\/p>\n","protected":false},"excerpt":{"rendered":"Les Estivales de Pessac-L\u00e9ognan at Ch\u00e2teau La Louvi\u00e8re: An unforgettable weekend! \ud83c\udf1e Ch\u00e2teau La Louvi\u00e8re opens its doors to you for the Estivales de Pessac-L\u00e9ognan: an unmissable event for lovers of wine, gastronomy and discovery. Join us on Saturday June 15 and Sunday June 16, from 10am to 7pm, for a unique experience in the [&hellip;]","protected":false},"author":2,"featured_media":6737,"comment_status":"closed","ping_status":"closed","sticky":false,"template":"","format":"standard","meta":{"_acf_changed":false,"inline_featured_image":false,"footnotes":""},"categories":[1],"tags":[],"class_list":["post-6699","post","type-post","status-publish","format-standard","has-post-thumbnail","hentry","category-event"],"acf":[],"yoast_head":"<!-- This site is optimized with the Yoast SEO plugin v27.5 - https:\/\/yoast.com\/product\/yoast-seo-wordpress\/ -->\n<title>Estivales Pessac-L\u00e9ognan &#8226; Vignobles Famille Andr\u00e9 Lurton<\/title>\n<meta name=\"description\" content=\"Le Ch\u00e2teau La Louvi\u00e8re vous ouvre ses portes pour les Estivales de Pessac-L\u00e9ognan : un \u00e9v\u00e9nement incontournable pour les amateurs de vin, de gastronomie et de d\u00e9couvertes.\" \/>\n<meta name=\"robots\" content=\"index, follow, max-snippet:-1, max-image-preview:large, max-video-preview:-1\" \/>\n<link rel=\"canonical\" href=\"https:\/\/www.andrelurton.com\/en\/estivales-pessac-leognan\/\" \/>\n<meta property=\"og:locale\" content=\"en_US\" \/>\n<meta property=\"og:type\" content=\"article\" \/>\n<meta property=\"og:title\" content=\"Estivales Pessac-L\u00e9ognan &#8226; Vignobles Famille Andr\u00e9 Lurton\" \/>\n<meta property=\"og:description\" content=\"Le Ch\u00e2teau La Louvi\u00e8re vous ouvre ses portes pour les Estivales de Pessac-L\u00e9ognan : un \u00e9v\u00e9nement incontournable pour les amateurs de vin, de gastronomie et de d\u00e9couvertes.\" \/>\n<meta property=\"og:url\" content=\"https:\/\/www.andrelurton.com\/en\/estivales-pessac-leognan\/\" \/>\n<meta property=\"og:site_name\" content=\"Vignobles Famille Andr\u00e9 Lurton\" \/>\n<meta property=\"article:publisher\" content=\"https:\/\/www.facebook.com\/vignoblesandrelurton\" \/>\n<meta property=\"article:published_time\" content=\"2024-05-28T15:12:54+00:00\" \/>\n<meta property=\"article:modified_time\" content=\"2024-06-12T09:14:55+00:00\" \/>\n<meta property=\"og:image\" content=\"https:\/\/www.andrelurton.com\/wp-content\/uploads\/2024\/05\/ESTIVALES_00.jpg\" \/>\n\t<meta property=\"og:image:width\" content=\"903\" \/>\n\t<meta property=\"og:image:height\" content=\"1276\" \/>\n\t<meta property=\"og:image:type\" content=\"image\/jpeg\" \/>\n<meta name=\"author\" content=\"Nathalie\" \/>\n<meta name=\"twitter:card\" content=\"summary_large_image\" \/>\n<meta name=\"twitter:label1\" content=\"Written by\" \/>\n\t<meta name=\"twitter:data1\" content=\"Nathalie\" \/>\n\t<meta name=\"twitter:label2\" content=\"Est. reading time\" \/>\n\t<meta name=\"twitter:data2\" content=\"3 minutes\" \/>\n<script type=\"application\/ld+json\" class=\"yoast-schema-graph\">{\"@context\":\"https:\\\/\\\/schema.org\",\"@graph\":[{\"@type\":\"Article\",\"@id\":\"https:\\\/\\\/www.andrelurton.com\\\/en\\\/estivales-pessac-leognan\\\/#article\",\"isPartOf\":{\"@id\":\"https:\\\/\\\/www.andrelurton.com\\\/en\\\/estivales-pessac-leognan\\\/\"},\"author\":{\"name\":\"Nathalie\",\"@id\":\"https:\\\/\\\/www.andrelurton.com\\\/#\\\/schema\\\/person\\\/4168bfcc698f10d31f047feb0dd1a08d\"},\"headline\":\"Estivales Pessac-L\u00e9ognan\",\"datePublished\":\"2024-05-28T15:12:54+00:00\",\"dateModified\":\"2024-06-12T09:14:55+00:00\",\"mainEntityOfPage\":{\"@id\":\"https:\\\/\\\/www.andrelurton.com\\\/en\\\/estivales-pessac-leognan\\\/\"},\"wordCount\":413,\"publisher\":{\"@id\":\"https:\\\/\\\/www.andrelurton.com\\\/#organization\"},\"image\":{\"@id\":\"https:\\\/\\\/www.andrelurton.com\\\/en\\\/estivales-pessac-leognan\\\/#primaryimage\"},\"thumbnailUrl\":\"https:\\\/\\\/www.andrelurton.com\\\/wp-content\\\/uploads\\\/2024\\\/05\\\/ESTIVALES_00.jpg\",\"articleSection\":[\"Event\"],\"inLanguage\":\"en-US\"},{\"@type\":\"WebPage\",\"@id\":\"https:\\\/\\\/www.andrelurton.com\\\/en\\\/estivales-pessac-leognan\\\/\",\"url\":\"https:\\\/\\\/www.andrelurton.com\\\/en\\\/estivales-pessac-leognan\\\/\",\"name\":\"Estivales Pessac-L\u00e9ognan &#8226; Vignobles Famille Andr\u00e9 Lurton\",\"isPartOf\":{\"@id\":\"https:\\\/\\\/www.andrelurton.com\\\/#website\"},\"primaryImageOfPage\":{\"@id\":\"https:\\\/\\\/www.andrelurton.com\\\/en\\\/estivales-pessac-leognan\\\/#primaryimage\"},\"image\":{\"@id\":\"https:\\\/\\\/www.andrelurton.com\\\/en\\\/estivales-pessac-leognan\\\/#primaryimage\"},\"thumbnailUrl\":\"https:\\\/\\\/www.andrelurton.com\\\/wp-content\\\/uploads\\\/2024\\\/05\\\/ESTIVALES_00.jpg\",\"datePublished\":\"2024-05-28T15:12:54+00:00\",\"dateModified\":\"2024-06-12T09:14:55+00:00\",\"description\":\"Le Ch\u00e2teau La Louvi\u00e8re vous ouvre ses portes pour les Estivales de Pessac-L\u00e9ognan : un \u00e9v\u00e9nement incontournable pour les amateurs de vin, de gastronomie et de d\u00e9couvertes.\",\"breadcrumb\":{\"@id\":\"https:\\\/\\\/www.andrelurton.com\\\/en\\\/estivales-pessac-leognan\\\/#breadcrumb\"},\"inLanguage\":\"en-US\",\"potentialAction\":[{\"@type\":\"ReadAction\",\"target\":[\"https:\\\/\\\/www.andrelurton.com\\\/en\\\/estivales-pessac-leognan\\\/\"]}]},{\"@type\":\"ImageObject\",\"inLanguage\":\"en-US\",\"@id\":\"https:\\\/\\\/www.andrelurton.com\\\/en\\\/estivales-pessac-leognan\\\/#primaryimage\",\"url\":\"https:\\\/\\\/www.andrelurton.com\\\/wp-content\\\/uploads\\\/2024\\\/05\\\/ESTIVALES_00.jpg\",\"contentUrl\":\"https:\\\/\\\/www.andrelurton.com\\\/wp-content\\\/uploads\\\/2024\\\/05\\\/ESTIVALES_00.jpg\",\"width\":903,\"height\":1276},{\"@type\":\"BreadcrumbList\",\"@id\":\"https:\\\/\\\/www.andrelurton.com\\\/en\\\/estivales-pessac-leognan\\\/#breadcrumb\",\"itemListElement\":[{\"@type\":\"ListItem\",\"position\":1,\"name\":\"Accueil\",\"item\":\"https:\\\/\\\/www.andrelurton.com\\\/en\\\/\"},{\"@type\":\"ListItem\",\"position\":2,\"name\":\"Estivales Pessac-L\u00e9ognan\"}]},{\"@type\":\"WebSite\",\"@id\":\"https:\\\/\\\/www.andrelurton.com\\\/#website\",\"url\":\"https:\\\/\\\/www.andrelurton.com\\\/\",\"name\":\"Vignobles Famille Andr\u00e9 Lurton\",\"description\":\"Vignoble Familial Engag\u00e9 | Bordeaux - Depuis 1897\",\"publisher\":{\"@id\":\"https:\\\/\\\/www.andrelurton.com\\\/#organization\"},\"potentialAction\":[{\"@type\":\"SearchAction\",\"target\":{\"@type\":\"EntryPoint\",\"urlTemplate\":\"https:\\\/\\\/www.andrelurton.com\\\/?s={search_term_string}\"},\"query-input\":{\"@type\":\"PropertyValueSpecification\",\"valueRequired\":true,\"valueName\":\"search_term_string\"}}],\"inLanguage\":\"en-US\"},{\"@type\":\"Organization\",\"@id\":\"https:\\\/\\\/www.andrelurton.com\\\/#organization\",\"name\":\"Vignobles Famille Andr\u00e9 Lurton\",\"url\":\"https:\\\/\\\/www.andrelurton.com\\\/\",\"logo\":{\"@type\":\"ImageObject\",\"inLanguage\":\"en-US\",\"@id\":\"https:\\\/\\\/www.andrelurton.com\\\/#\\\/schema\\\/logo\\\/image\\\/\",\"url\":\"https:\\\/\\\/www.andrelurton.com\\\/wp-content\\\/uploads\\\/2023\\\/10\\\/Famille-Andre-Lurton_EN_Black.webp\",\"contentUrl\":\"https:\\\/\\\/www.andrelurton.com\\\/wp-content\\\/uploads\\\/2023\\\/10\\\/Famille-Andre-Lurton_EN_Black.webp\",\"width\":1920,\"height\":1080,\"caption\":\"Vignobles Famille Andr\u00e9 Lurton\"},\"image\":{\"@id\":\"https:\\\/\\\/www.andrelurton.com\\\/#\\\/schema\\\/logo\\\/image\\\/\"},\"sameAs\":[\"https:\\\/\\\/www.facebook.com\\\/vignoblesandrelurton\",\"https:\\\/\\\/www.instagram.com\\\/vignoblesandrelurton\\\/?hl=fr\"]},{\"@type\":\"Person\",\"@id\":\"https:\\\/\\\/www.andrelurton.com\\\/#\\\/schema\\\/person\\\/4168bfcc698f10d31f047feb0dd1a08d\",\"name\":\"Nathalie\",\"image\":{\"@type\":\"ImageObject\",\"inLanguage\":\"en-US\",\"@id\":\"https:\\\/\\\/secure.gravatar.com\\\/avatar\\\/c1f5579fa6821620310a3e1203483c5a2285d8ef93b939e95b071dfe65e12a5d?s=96&d=mm&r=g\",\"url\":\"https:\\\/\\\/secure.gravatar.com\\\/avatar\\\/c1f5579fa6821620310a3e1203483c5a2285d8ef93b939e95b071dfe65e12a5d?s=96&d=mm&r=g\",\"contentUrl\":\"https:\\\/\\\/secure.gravatar.com\\\/avatar\\\/c1f5579fa6821620310a3e1203483c5a2285d8ef93b939e95b071dfe65e12a5d?s=96&d=mm&r=g\",\"caption\":\"Nathalie\"},\"url\":\"https:\\\/\\\/www.andrelurton.com\\\/en\\\/author\\\/val_admin\\\/\"}]}<\/script>\n<!-- \/ Yoast SEO plugin. -->","yoast_head_json":{"title":"Estivales Pessac-L\u00e9ognan &#8226; Vignobles Famille Andr\u00e9 Lurton","description":"Le Ch\u00e2teau La Louvi\u00e8re vous ouvre ses portes pour les Estivales de Pessac-L\u00e9ognan : un \u00e9v\u00e9nement incontournable pour les amateurs de vin, de gastronomie et de d\u00e9couvertes.","robots":{"index":"index","follow":"follow","max-snippet":"max-snippet:-1","max-image-preview":"max-image-preview:large","max-video-preview":"max-video-preview:-1"},"canonical":"https:\/\/www.andrelurton.com\/en\/estivales-pessac-leognan\/","og_locale":"en_US","og_type":"article","og_title":"Estivales Pessac-L\u00e9ognan &#8226; Vignobles Famille Andr\u00e9 Lurton","og_description":"Le Ch\u00e2teau La Louvi\u00e8re vous ouvre ses portes pour les Estivales de Pessac-L\u00e9ognan : un \u00e9v\u00e9nement incontournable pour les amateurs de vin, de gastronomie et de d\u00e9couvertes.","og_url":"https:\/\/www.andrelurton.com\/en\/estivales-pessac-leognan\/","og_site_name":"Vignobles Famille Andr\u00e9 Lurton","article_publisher":"https:\/\/www.facebook.com\/vignoblesandrelurton","article_published_time":"2024-05-28T15:12:54+00:00","article_modified_time":"2024-06-12T09:14:55+00:00","og_image":[{"width":903,"height":1276,"url":"https:\/\/www.andrelurton.com\/wp-content\/uploads\/2024\/05\/ESTIVALES_00.jpg","type":"image\/jpeg"}],"author":"Nathalie","twitter_card":"summary_large_image","twitter_misc":{"Written by":"Nathalie","Est. reading time":"3 minutes"},"schema":{"@context":"https:\/\/schema.org","@graph":[{"@type":"Article","@id":"https:\/\/www.andrelurton.com\/en\/estivales-pessac-leognan\/#article","isPartOf":{"@id":"https:\/\/www.andrelurton.com\/en\/estivales-pessac-leognan\/"},"author":{"name":"Nathalie","@id":"https:\/\/www.andrelurton.com\/#\/schema\/person\/4168bfcc698f10d31f047feb0dd1a08d"},"headline":"Estivales Pessac-L\u00e9ognan","datePublished":"2024-05-28T15:12:54+00:00","dateModified":"2024-06-12T09:14:55+00:00","mainEntityOfPage":{"@id":"https:\/\/www.andrelurton.com\/en\/estivales-pessac-leognan\/"},"wordCount":413,"publisher":{"@id":"https:\/\/www.andrelurton.com\/#organization"},"image":{"@id":"https:\/\/www.andrelurton.com\/en\/estivales-pessac-leognan\/#primaryimage"},"thumbnailUrl":"https:\/\/www.andrelurton.com\/wp-content\/uploads\/2024\/05\/ESTIVALES_00.jpg","articleSection":["Event"],"inLanguage":"en-US"},{"@type":"WebPage","@id":"https:\/\/www.andrelurton.com\/en\/estivales-pessac-leognan\/","url":"https:\/\/www.andrelurton.com\/en\/estivales-pessac-leognan\/","name":"Estivales Pessac-L\u00e9ognan &#8226; Vignobles Famille Andr\u00e9 Lurton","isPartOf":{"@id":"https:\/\/www.andrelurton.com\/#website"},"primaryImageOfPage":{"@id":"https:\/\/www.andrelurton.com\/en\/estivales-pessac-leognan\/#primaryimage"},"image":{"@id":"https:\/\/www.andrelurton.com\/en\/estivales-pessac-leognan\/#primaryimage"},"thumbnailUrl":"https:\/\/www.andrelurton.com\/wp-content\/uploads\/2024\/05\/ESTIVALES_00.jpg","datePublished":"2024-05-28T15:12:54+00:00","dateModified":"2024-06-12T09:14:55+00:00","description":"Le Ch\u00e2teau La Louvi\u00e8re vous ouvre ses portes pour les Estivales de Pessac-L\u00e9ognan : un \u00e9v\u00e9nement incontournable pour les amateurs de vin, de gastronomie et de d\u00e9couvertes.","breadcrumb":{"@id":"https:\/\/www.andrelurton.com\/en\/estivales-pessac-leognan\/#breadcrumb"},"inLanguage":"en-US","potentialAction":[{"@type":"ReadAction","target":["https:\/\/www.andrelurton.com\/en\/estivales-pessac-leognan\/"]}]},{"@type":"ImageObject","inLanguage":"en-US","@id":"https:\/\/www.andrelurton.com\/en\/estivales-pessac-leognan\/#primaryimage","url":"https:\/\/www.andrelurton.com\/wp-content\/uploads\/2024\/05\/ESTIVALES_00.jpg","contentUrl":"https:\/\/www.andrelurton.com\/wp-content\/uploads\/2024\/05\/ESTIVALES_00.jpg","width":903,"height":1276},{"@type":"BreadcrumbList","@id":"https:\/\/www.andrelurton.com\/en\/estivales-pessac-leognan\/#breadcrumb","itemListElement":[{"@type":"ListItem","position":1,"name":"Accueil","item":"https:\/\/www.andrelurton.com\/en\/"},{"@type":"ListItem","position":2,"name":"Estivales Pessac-L\u00e9ognan"}]},{"@type":"WebSite","@id":"https:\/\/www.andrelurton.com\/#website","url":"https:\/\/www.andrelurton.com\/","name":"Vignobles Famille Andr\u00e9 Lurton","description":"Vignoble Familial Engag\u00e9 | Bordeaux - Depuis 1897","publisher":{"@id":"https:\/\/www.andrelurton.com\/#organization"},"potentialAction":[{"@type":"SearchAction","target":{"@type":"EntryPoint","urlTemplate":"https:\/\/www.andrelurton.com\/?s={search_term_string}"},"query-input":{"@type":"PropertyValueSpecification","valueRequired":true,"valueName":"search_term_string"}}],"inLanguage":"en-US"},{"@type":"Organization","@id":"https:\/\/www.andrelurton.com\/#organization","name":"Vignobles Famille Andr\u00e9 Lurton","url":"https:\/\/www.andrelurton.com\/","logo":{"@type":"ImageObject","inLanguage":"en-US","@id":"https:\/\/www.andrelurton.com\/#\/schema\/logo\/image\/","url":"https:\/\/www.andrelurton.com\/wp-content\/uploads\/2023\/10\/Famille-Andre-Lurton_EN_Black.webp","contentUrl":"https:\/\/www.andrelurton.com\/wp-content\/uploads\/2023\/10\/Famille-Andre-Lurton_EN_Black.webp","width":1920,"height":1080,"caption":"Vignobles Famille Andr\u00e9 Lurton"},"image":{"@id":"https:\/\/www.andrelurton.com\/#\/schema\/logo\/image\/"},"sameAs":["https:\/\/www.facebook.com\/vignoblesandrelurton","https:\/\/www.instagram.com\/vignoblesandrelurton\/?hl=fr"]},{"@type":"Person","@id":"https:\/\/www.andrelurton.com\/#\/schema\/person\/4168bfcc698f10d31f047feb0dd1a08d","name":"Nathalie","image":{"@type":"ImageObject","inLanguage":"en-US","@id":"https:\/\/secure.gravatar.com\/avatar\/c1f5579fa6821620310a3e1203483c5a2285d8ef93b939e95b071dfe65e12a5d?s=96&d=mm&r=g","url":"https:\/\/secure.gravatar.com\/avatar\/c1f5579fa6821620310a3e1203483c5a2285d8ef93b939e95b071dfe65e12a5d?s=96&d=mm&r=g","contentUrl":"https:\/\/secure.gravatar.com\/avatar\/c1f5579fa6821620310a3e1203483c5a2285d8ef93b939e95b071dfe65e12a5d?s=96&d=mm&r=g","caption":"Nathalie"},"url":"https:\/\/www.andrelurton.com\/en\/author\/val_admin\/"}]}},"_links":{"self":[{"href":"https:\/\/www.andrelurton.com\/en\/wp-json\/wp\/v2\/posts\/6699","targetHints":{"allow":["GET"]}}],"collection":[{"href":"https:\/\/www.andrelurton.com\/en\/wp-json\/wp\/v2\/posts"}],"about":[{"href":"https:\/\/www.andrelurton.com\/en\/wp-json\/wp\/v2\/types\/post"}],"author":[{"embeddable":true,"href":"https:\/\/www.andrelurton.com\/en\/wp-json\/wp\/v2\/users\/2"}],"replies":[{"embeddable":true,"href":"https:\/\/www.andrelurton.com\/en\/wp-json\/wp\/v2\/comments?post=6699"}],"version-history":[{"count":7,"href":"https:\/\/www.andrelurton.com\/en\/wp-json\/wp\/v2\/posts\/6699\/revisions"}],"predecessor-version":[{"id":6904,"href":"https:\/\/www.andrelurton.com\/en\/wp-json\/wp\/v2\/posts\/6699\/revisions\/6904"}],"wp:featuredmedia":[{"embeddable":true,"href":"https:\/\/www.andrelurton.com\/en\/wp-json\/wp\/v2\/media\/6737"}],"wp:attachment":[{"href":"https:\/\/www.andrelurton.com\/en\/wp-json\/wp\/v2\/media?parent=6699"}],"wp:term":[{"taxonomy":"category","embeddable":true,"href":"https:\/\/www.andrelurton.com\/en\/wp-json\/wp\/v2\/categories?post=6699"},{"taxonomy":"post_tag","embeddable":true,"href":"https:\/\/www.andrelurton.com\/en\/wp-json\/wp\/v2\/tags?post=6699"}],"curies":[{"name":"wp","href":"https:\/\/api.w.org\/{rel}","templated":true}]}}